{"id":7779,"date":"2021-05-05T16:05:17","date_gmt":"2021-05-05T14:05:17","guid":{"rendered":"https:\/\/wydawnictwo.warsztatykultury.pl\/workshops-of-culture-are-joining-lightforbelarus\/"},"modified":"2022-01-13T11:56:37","modified_gmt":"2022-01-13T10:56:37","slug":"workshops-of-culture-are-joining-lightforbelarus","status":"publish","type":"post","link":"https:\/\/wydawnictwo.warsztatykultury.pl\/en\/workshops-of-culture-are-joining-lightforbelarus\/","title":{"rendered":"Workshops of Culture are joining #LightforBelarus"},"content":{"rendered":"<p><div class=\"fusion-fullwidth fullwidth-box fusion-builder-row-1 nonhundred-percent-fullwidth non-hundred-percent-height-scrolling\" style=\"--awb-border-radius-top-left:0px;--awb-border-radius-top-right:0px;--awb-border-radius-bottom-right:0px;--awb-border-radius-bottom-left:0px;--awb-padding-right:10%;--awb-padding-left:10%;--awb-flex-wrap:wrap;\" ><div class=\"fusion-builder-row fusion-row\"><div class=\"fusion-layout-column fusion_builder_column fusion-builder-column-0 fusion_builder_column_1_2 1_2 fusion-one-half fusion-column-first\" style=\"--awb-bg-size:cover;--awb-margin-top:0px;width:50%;width:calc(50% - ( ( 4% ) * 0.5 ) );margin-right: 4%;\"><div class=\"fusion-column-wrapper fusion-column-has-shadow fusion-flex-column-wrapper-legacy\"><div class=\"fusion-text fusion-text-1\" style=\"--awb-text-transform:none;\"><h1 class=\"fusion-responsive-typography-calculated\" style=\"--fontsize: 28.8; line-height: 1.1;\" data-fontsize=\"28.8\" data-lineheight=\"31.6833px\">Workshops of Culture are joining #LightforBelarus<\/h1>\n<\/div><div class=\"fusion-sep-clear\"><\/div><div class=\"fusion-separator fusion-full-width-sep\" style=\"margin-left: auto;margin-right: auto;margin-bottom:5%;width:100%;\"><div class=\"fusion-separator-border sep-single\" style=\"--awb-height:20px;--awb-amount:20px;border-color:#000000;border-top-width:3px;\"><\/div><\/div><div class=\"fusion-sep-clear\"><\/div><div class=\"fusion-text fusion-text-2\"><p><strong>25 March is the anniversary of the declaration of independence of the Republic of Belarus. On this day, Belarus celebrates an unofficial event not recognised by Alexander Lukashenko&#8217;s regime but kept alive by the Belarusian society, particularly the democratic opposition. To show our solidarity and support for our Belarusian neighbours who have been brave and determined in vocally calling for their democratic rights since August last year, Workshops of Culture are joining the nationwide initiative #LightForBelarus.<\/strong><\/p>\n<p>For many years, Workshops of Culture have supported and promoted Belarusian culture,\u00a0 for instance, at festivals. On 25 March, visit our Facebook channels, where you will be able to watch concerts by Belarusian artists performing at East of Culture &#8211; Different Sounds, and listen to audio dramas and excerpts of Belarusian prose (performed, among others, by Jaros\u0142aw Zo\u0144 and actors from Lublin). Moreover, Kultura Enter will feature articles about the most recent Belarusian poetry from 2020\u00a0 seen in the light of civil protests and Galina Grabarczuk&#8217;s report on the situation in Brest. Courtesy of Wschodni Express Studio, you will also watch an interview with Belarusian writers and a film about the beginnings of the persecution of Belarusian opposition members. We will recall the special issue of Kultura Enter: &#8220;Solidarnie z Bia\u0142orusi\u0105&#8221; \/ &#8220;Solidarity with Belarus&#8221;.<\/p>\n<p>On the occasion of the Belarusian Freedom Day and the accompanying #LightForBelarus campaign, you will be able to buy books by Belarusian authors published in the Wschodni Express series with a 40% discount.<\/p>\n<\/div><div class=\"fusion-sep-clear\"><\/div><div class=\"fusion-separator fusion-full-width-sep\" style=\"margin-left: auto;margin-right: auto;width:100%;\"><\/div><div class=\"fusion-sep-clear\"><\/div><div class=\"fusion-sep-clear\"><\/div><div class=\"fusion-separator fusion-full-width-sep\" style=\"margin-left: auto;margin-right: auto;width:100%;\"><\/div><div class=\"fusion-sep-clear\"><\/div><div class=\"fusion-sep-clear\"><\/div><div class=\"fusion-separator fusion-full-width-sep\" style=\"margin-left: auto;margin-right: auto;width:100%;\"><\/div><div class=\"fusion-sep-clear\"><\/div><div class=\"fusion-sep-clear\"><\/div><div class=\"fusion-separator fusion-full-width-sep\" style=\"margin-left: auto;margin-right: auto;width:100%;\"><\/div><div class=\"fusion-sep-clear\"><\/div><div class=\"fusion-sep-clear\"><\/div><div class=\"fusion-separator fusion-full-width-sep\" style=\"margin-left: auto;margin-right: auto;width:100%;\"><\/div><div class=\"fusion-sep-clear\"><\/div><div class=\"fusion-clearfix\"><\/div><\/div><\/div><div class=\"fusion-layout-column fusion_builder_column fusion-builder-column-1 fusion_builder_column_1_2 1_2 fusion-one-half fusion-column-last\" style=\"--awb-bg-size:cover;--awb-margin-top:0px;width:50%;width:calc(50% - ( ( 4% ) * 0.5 ) );\"><div class=\"fusion-column-wrapper fusion-column-has-shadow fusion-flex-column-wrapper-legacy\"><div class=\"fusion-image-element in-legacy-container\" style=\"--awb-caption-title-font-family:var(--h2_typography-font-family);--awb-caption-title-font-weight:var(--h2_typography-font-weight);--awb-caption-title-font-style:var(--h2_typography-font-style);--awb-caption-title-size:var(--h2_typography-font-size);--awb-caption-title-transform:var(--h2_typography-text-transform);--awb-caption-title-line-height:var(--h2_typography-line-height);--awb-caption-title-letter-spacing:var(--h2_typography-letter-spacing);\"><span class=\" fusion-imageframe imageframe-none imageframe-1 hover-type-none\"><img decoding=\"async\" width=\"600\" height=\"228\" alt=\"Flaga Bia\u0142orusi. Napisy #LightForBelarus oraz # \u015awiat\u0142oDlaBia\u0142orsu. Po prawej stronie palce u\u0142o\u017cone w znak wolno\u015bci\" title=\"FB1920x730b-600&#215;228\" src=\"https:\/\/wydawnictwo.warsztatykultury.pl\/wp-content\/uploads\/2021\/03\/FB1920x730b-600x228-1.jpg\" data-orig-src=\"https:\/\/wydawnictwo.warsztatykultury.pl\/wp-content\/uploads\/2021\/03\/FB1920x730b-600x228-1.jpg\" class=\"lazyload img-responsive wp-image-7512\" srcset=\"data:image\/svg+xml,%3Csvg%20xmlns%3D%27http%3A%2F%2Fwww.w3.org%2F2000%2Fsvg%27%20width%3D%27600%27%20height%3D%27228%27%20viewBox%3D%270%200%20600%20228%27%3E%3Crect%20width%3D%27600%27%20height%3D%27228%27%20fill-opacity%3D%220%22%2F%3E%3C%2Fsvg%3E\" data-srcset=\"https:\/\/wydawnictwo.warsztatykultury.pl\/wp-content\/uploads\/2021\/03\/FB1920x730b-600x228-1-200x76.jpg 200w, https:\/\/wydawnictwo.warsztatykultury.pl\/wp-content\/uploads\/2021\/03\/FB1920x730b-600x228-1-400x152.jpg 400w, https:\/\/wydawnictwo.warsztatykultury.pl\/wp-content\/uploads\/2021\/03\/FB1920x730b-600x228-1.jpg 600w\" data-sizes=\"auto\" data-orig-sizes=\"(max-width: 800px) 100vw, 600px\" \/><\/span><\/div><div class=\"fusion-sep-clear\"><\/div><div class=\"fusion-separator fusion-full-width-sep\" style=\"margin-left: auto;margin-right: auto;margin-top:2%;margin-bottom:2%;width:100%;\"><div class=\"fusion-separator-border sep-single\" style=\"--awb-height:20px;--awb-amount:20px;--awb-sep-color:#ffffff;border-color:#ffffff;border-top-width:3px;\"><\/div><\/div><div class=\"fusion-sep-clear\"><\/div><div class=\"fusion-text fusion-text-3\"><p>Visit us:<\/p>\n<p>Workshops of Culture\u2019s Facebook Page<br \/>\n<a href=\"https:\/\/www.facebook.com\/WarsztatyKultury\">https:\/\/www.facebook.com\/WarsztatyKultury<\/a><\/p>\n<p>East of Culture \u2013 Different Sounds\u2019 Facebook Page<br \/>\n<a href=\"https:\/\/www.facebook.com\/innebrzmienia\">https:\/\/www.facebook.com\/innebrzmienia<\/a><\/p>\n<p>Wschodni Express\u2019 Facebook Page: <a href=\"https:\/\/www.facebook.com\/WschodniExpress\">https:\/\/www.facebook.com\/WschodniExpress<\/a><\/p>\n<p>Kultura Enter\u2019s Facebook Page: <a href=\"https:\/\/www.facebook.com\/kulturaenter\">https:\/\/www.facebook.com\/kulturaenter<\/a><\/p>\n<p>Join the event on <a href=\"https:\/\/www.facebook.com\/events\/744244576252900\">Facebook.\u00a0<\/a><\/p>\n<\/div><div class=\"fusion-clearfix\"><\/div><\/div><\/div><\/div><\/div><div class=\"fusion-fullwidth fullwidth-box fusion-builder-row-2 nonhundred-percent-fullwidth non-hundred-percent-height-scrolling\" style=\"--awb-border-radius-top-left:0px;--awb-border-radius-top-right:0px;--awb-border-radius-bottom-right:0px;--awb-border-radius-bottom-left:0px;--awb-padding-right:10%;--awb-padding-left:10%;--awb-flex-wrap:wrap;\" ><div class=\"fusion-builder-row fusion-row\"><div class=\"fusion-layout-column fusion_builder_column fusion-builder-column-2 fusion_builder_column_1_1 1_1 fusion-one-full fusion-column-first fusion-column-last\" style=\"--awb-bg-size:cover;--awb-margin-top:0px;\"><div class=\"fusion-column-wrapper fusion-column-has-shadow fusion-flex-column-wrapper-legacy\"><div class=\"fusion-sep-clear\"><\/div><div class=\"fusion-separator fusion-full-width-sep\" style=\"margin-left: auto;margin-right: auto;width:100%;\"><div class=\"fusion-separator-border sep-single\" style=\"--awb-height:20px;--awb-amount:20px;border-color:#000000;border-top-width:3px;\"><\/div><\/div><div class=\"fusion-sep-clear\"><\/div><div class=\"fusion-clearfix\"><\/div><\/div><\/div><\/div><\/div><\/p>\n","protected":false},"excerpt":{"rendered":"","protected":false},"author":9,"featured_media":7531,"comment_status":"closed","ping_status":"closed","sticky":false,"template":"","format":"standard","meta":{"footnotes":""},"categories":[26,14],"tags":[],"yoast_head":"<!-- This site is optimized with the Yoast SEO plugin v23.4 - https:\/\/yoast.com\/wordpress\/plugins\/seo\/ -->\n<title>Workshops of Culture are joining #LightforBelarus - Wydawnictwo<\/title>\n<meta name=\"robots\" content=\"index, follow, max-snippet:-1, max-image-preview:large, max-video-preview:-1\" \/>\n<link rel=\"canonical\" href=\"https:\/\/wydawnictwo.warsztatykultury.pl\/en\/workshops-of-culture-are-joining-lightforbelarus\/\" \/>\n<meta property=\"og:locale\" content=\"en_US\" \/>\n<meta property=\"og:type\" content=\"article\" \/>\n<meta property=\"og:title\" content=\"Workshops of Culture are joining #LightforBelarus - Wydawnictwo\" \/>\n<meta property=\"og:url\" content=\"https:\/\/wydawnictwo.warsztatykultury.pl\/en\/workshops-of-culture-are-joining-lightforbelarus\/\" \/>\n<meta property=\"og:site_name\" content=\"Wydawnictwo\" \/>\n<meta property=\"article:publisher\" content=\"https:\/\/www.facebook.com\/WschodniExpress\/\" \/>\n<meta property=\"article:published_time\" content=\"2021-05-05T14:05:17+00:00\" \/>\n<meta property=\"article:modified_time\" content=\"2022-01-13T10:56:37+00:00\" \/>\n<meta property=\"og:image\" content=\"https:\/\/wydawnictwo.warsztatykultury.pl\/wp-content\/uploads\/2021\/03\/164625362_10159227231035912_1936599393358587098_o.png\" \/>\n\t<meta property=\"og:image:width\" content=\"1920\" \/>\n\t<meta property=\"og:image:height\" content=\"1080\" \/>\n\t<meta property=\"og:image:type\" content=\"image\/png\" \/>\n<meta name=\"author\" content=\"Przemys\u0142aw G\u0142uchowski\" \/>\n<meta name=\"twitter:card\" content=\"summary_large_image\" \/>\n<meta name=\"twitter:label1\" content=\"Written by\" \/>\n\t<meta name=\"twitter:data1\" content=\"Przemys\u0142aw G\u0142uchowski\" \/>\n\t<meta name=\"twitter:label2\" content=\"Est. reading time\" \/>\n\t<meta name=\"twitter:data2\" content=\"8 minutes\" \/>\n<script type=\"application\/ld+json\" class=\"yoast-schema-graph\">{\"@context\":\"https:\/\/schema.org\",\"@graph\":[{\"@type\":\"Article\",\"@id\":\"https:\/\/wydawnictwo.warsztatykultury.pl\/en\/workshops-of-culture-are-joining-lightforbelarus\/#article\",\"isPartOf\":{\"@id\":\"https:\/\/wydawnictwo.warsztatykultury.pl\/en\/workshops-of-culture-are-joining-lightforbelarus\/\"},\"author\":{\"name\":\"Przemys\u0142aw G\u0142uchowski\",\"@id\":\"https:\/\/wydawnictwo.warsztatykultury.pl\/en\/#\/schema\/person\/a1be243e7a684c0c2b2bedc1c28b1df1\"},\"headline\":\"Workshops of Culture are joining #LightforBelarus\",\"datePublished\":\"2021-05-05T14:05:17+00:00\",\"dateModified\":\"2022-01-13T10:56:37+00:00\",\"mainEntityOfPage\":{\"@id\":\"https:\/\/wydawnictwo.warsztatykultury.pl\/en\/workshops-of-culture-are-joining-lightforbelarus\/\"},\"wordCount\":1555,\"publisher\":{\"@id\":\"https:\/\/wydawnictwo.warsztatykultury.pl\/en\/#organization\"},\"image\":{\"@id\":\"https:\/\/wydawnictwo.warsztatykultury.pl\/en\/workshops-of-culture-are-joining-lightforbelarus\/#primaryimage\"},\"thumbnailUrl\":\"https:\/\/wydawnictwo.warsztatykultury.pl\/wp-content\/uploads\/2021\/03\/164625362_10159227231035912_1936599393358587098_o.png\",\"articleSection\":[\"News\"],\"inLanguage\":\"en-US\"},{\"@type\":\"WebPage\",\"@id\":\"https:\/\/wydawnictwo.warsztatykultury.pl\/en\/workshops-of-culture-are-joining-lightforbelarus\/\",\"url\":\"https:\/\/wydawnictwo.warsztatykultury.pl\/en\/workshops-of-culture-are-joining-lightforbelarus\/\",\"name\":\"Workshops of Culture are joining #LightforBelarus - Wydawnictwo\",\"isPartOf\":{\"@id\":\"https:\/\/wydawnictwo.warsztatykultury.pl\/en\/#website\"},\"primaryImageOfPage\":{\"@id\":\"https:\/\/wydawnictwo.warsztatykultury.pl\/en\/workshops-of-culture-are-joining-lightforbelarus\/#primaryimage\"},\"image\":{\"@id\":\"https:\/\/wydawnictwo.warsztatykultury.pl\/en\/workshops-of-culture-are-joining-lightforbelarus\/#primaryimage\"},\"thumbnailUrl\":\"https:\/\/wydawnictwo.warsztatykultury.pl\/wp-content\/uploads\/2021\/03\/164625362_10159227231035912_1936599393358587098_o.png\",\"datePublished\":\"2021-05-05T14:05:17+00:00\",\"dateModified\":\"2022-01-13T10:56:37+00:00\",\"breadcrumb\":{\"@id\":\"https:\/\/wydawnictwo.warsztatykultury.pl\/en\/workshops-of-culture-are-joining-lightforbelarus\/#breadcrumb\"},\"inLanguage\":\"en-US\",\"potentialAction\":[{\"@type\":\"ReadAction\",\"target\":[\"https:\/\/wydawnictwo.warsztatykultury.pl\/en\/workshops-of-culture-are-joining-lightforbelarus\/\"]}]},{\"@type\":\"ImageObject\",\"inLanguage\":\"en-US\",\"@id\":\"https:\/\/wydawnictwo.warsztatykultury.pl\/en\/workshops-of-culture-are-joining-lightforbelarus\/#primaryimage\",\"url\":\"https:\/\/wydawnictwo.warsztatykultury.pl\/wp-content\/uploads\/2021\/03\/164625362_10159227231035912_1936599393358587098_o.png\",\"contentUrl\":\"https:\/\/wydawnictwo.warsztatykultury.pl\/wp-content\/uploads\/2021\/03\/164625362_10159227231035912_1936599393358587098_o.png\",\"width\":1920,\"height\":1080,\"caption\":\"#LightforBelarus\"},{\"@type\":\"BreadcrumbList\",\"@id\":\"https:\/\/wydawnictwo.warsztatykultury.pl\/en\/workshops-of-culture-are-joining-lightforbelarus\/#breadcrumb\",\"itemListElement\":[{\"@type\":\"ListItem\",\"position\":1,\"name\":\"Strona g\u0142\u00f3wna\",\"item\":\"https:\/\/wydawnictwo.warsztatykultury.pl\/en\/\"},{\"@type\":\"ListItem\",\"position\":2,\"name\":\"Workshops of Culture are joining #LightforBelarus\"}]},{\"@type\":\"WebSite\",\"@id\":\"https:\/\/wydawnictwo.warsztatykultury.pl\/en\/#website\",\"url\":\"https:\/\/wydawnictwo.warsztatykultury.pl\/en\/\",\"name\":\"Wydawnictwo Warsztat\u00f3w Kultury\",\"description\":\"Warsztaty Kultury\",\"publisher\":{\"@id\":\"https:\/\/wydawnictwo.warsztatykultury.pl\/en\/#organization\"},\"potentialAction\":[{\"@type\":\"SearchAction\",\"target\":{\"@type\":\"EntryPoint\",\"urlTemplate\":\"https:\/\/wydawnictwo.warsztatykultury.pl\/en\/?s={search_term_string}\"},\"query-input\":{\"@type\":\"PropertyValueSpecification\",\"valueRequired\":true,\"valueName\":\"search_term_string\"}}],\"inLanguage\":\"en-US\"},{\"@type\":\"Organization\",\"@id\":\"https:\/\/wydawnictwo.warsztatykultury.pl\/en\/#organization\",\"name\":\"Wydawnictwo Warsztat\u00f3w Kultury\",\"url\":\"https:\/\/wydawnictwo.warsztatykultury.pl\/en\/\",\"logo\":{\"@type\":\"ImageObject\",\"inLanguage\":\"en-US\",\"@id\":\"https:\/\/wydawnictwo.warsztatykultury.pl\/en\/#\/schema\/logo\/image\/\",\"url\":\"https:\/\/wydawnictwo.warsztatykultury.pl\/wp-content\/uploads\/2023\/05\/logo_wydawnictwo_72-01.png\",\"contentUrl\":\"https:\/\/wydawnictwo.warsztatykultury.pl\/wp-content\/uploads\/2023\/05\/logo_wydawnictwo_72-01.png\",\"width\":293,\"height\":70,\"caption\":\"Wydawnictwo Warsztat\u00f3w Kultury\"},\"image\":{\"@id\":\"https:\/\/wydawnictwo.warsztatykultury.pl\/en\/#\/schema\/logo\/image\/\"},\"sameAs\":[\"https:\/\/www.facebook.com\/WschodniExpress\/\"]},{\"@type\":\"Person\",\"@id\":\"https:\/\/wydawnictwo.warsztatykultury.pl\/en\/#\/schema\/person\/a1be243e7a684c0c2b2bedc1c28b1df1\",\"name\":\"Przemys\u0142aw G\u0142uchowski\",\"image\":{\"@type\":\"ImageObject\",\"inLanguage\":\"en-US\",\"@id\":\"https:\/\/wydawnictwo.warsztatykultury.pl\/en\/#\/schema\/person\/image\/\",\"url\":\"https:\/\/secure.gravatar.com\/avatar\/8efd26122d7f16a9cf937336427fd2d1?s=96&d=mm&r=g\",\"contentUrl\":\"https:\/\/secure.gravatar.com\/avatar\/8efd26122d7f16a9cf937336427fd2d1?s=96&d=mm&r=g\",\"caption\":\"Przemys\u0142aw G\u0142uchowski\"},\"url\":\"https:\/\/wydawnictwo.warsztatykultury.pl\/en\/author\/pgluchowski_wyd\/\"}]}<\/script>\n<!-- \/ Yoast SEO plugin. -->","yoast_head_json":{"title":"Workshops of Culture are joining #LightforBelarus - Wydawnictwo","robots":{"index":"index","follow":"follow","max-snippet":"max-snippet:-1","max-image-preview":"max-image-preview:large","max-video-preview":"max-video-preview:-1"},"canonical":"https:\/\/wydawnictwo.warsztatykultury.pl\/en\/workshops-of-culture-are-joining-lightforbelarus\/","og_locale":"en_US","og_type":"article","og_title":"Workshops of Culture are joining #LightforBelarus - Wydawnictwo","og_url":"https:\/\/wydawnictwo.warsztatykultury.pl\/en\/workshops-of-culture-are-joining-lightforbelarus\/","og_site_name":"Wydawnictwo","article_publisher":"https:\/\/www.facebook.com\/WschodniExpress\/","article_published_time":"2021-05-05T14:05:17+00:00","article_modified_time":"2022-01-13T10:56:37+00:00","og_image":[{"width":1920,"height":1080,"url":"https:\/\/wydawnictwo.warsztatykultury.pl\/wp-content\/uploads\/2021\/03\/164625362_10159227231035912_1936599393358587098_o.png","type":"image\/png"}],"author":"Przemys\u0142aw G\u0142uchowski","twitter_card":"summary_large_image","twitter_misc":{"Written by":"Przemys\u0142aw G\u0142uchowski","Est. reading time":"8 minutes"},"schema":{"@context":"https:\/\/schema.org","@graph":[{"@type":"Article","@id":"https:\/\/wydawnictwo.warsztatykultury.pl\/en\/workshops-of-culture-are-joining-lightforbelarus\/#article","isPartOf":{"@id":"https:\/\/wydawnictwo.warsztatykultury.pl\/en\/workshops-of-culture-are-joining-lightforbelarus\/"},"author":{"name":"Przemys\u0142aw G\u0142uchowski","@id":"https:\/\/wydawnictwo.warsztatykultury.pl\/en\/#\/schema\/person\/a1be243e7a684c0c2b2bedc1c28b1df1"},"headline":"Workshops of Culture are joining #LightforBelarus","datePublished":"2021-05-05T14:05:17+00:00","dateModified":"2022-01-13T10:56:37+00:00","mainEntityOfPage":{"@id":"https:\/\/wydawnictwo.warsztatykultury.pl\/en\/workshops-of-culture-are-joining-lightforbelarus\/"},"wordCount":1555,"publisher":{"@id":"https:\/\/wydawnictwo.warsztatykultury.pl\/en\/#organization"},"image":{"@id":"https:\/\/wydawnictwo.warsztatykultury.pl\/en\/workshops-of-culture-are-joining-lightforbelarus\/#primaryimage"},"thumbnailUrl":"https:\/\/wydawnictwo.warsztatykultury.pl\/wp-content\/uploads\/2021\/03\/164625362_10159227231035912_1936599393358587098_o.png","articleSection":["News"],"inLanguage":"en-US"},{"@type":"WebPage","@id":"https:\/\/wydawnictwo.warsztatykultury.pl\/en\/workshops-of-culture-are-joining-lightforbelarus\/","url":"https:\/\/wydawnictwo.warsztatykultury.pl\/en\/workshops-of-culture-are-joining-lightforbelarus\/","name":"Workshops of Culture are joining #LightforBelarus - Wydawnictwo","isPartOf":{"@id":"https:\/\/wydawnictwo.warsztatykultury.pl\/en\/#website"},"primaryImageOfPage":{"@id":"https:\/\/wydawnictwo.warsztatykultury.pl\/en\/workshops-of-culture-are-joining-lightforbelarus\/#primaryimage"},"image":{"@id":"https:\/\/wydawnictwo.warsztatykultury.pl\/en\/workshops-of-culture-are-joining-lightforbelarus\/#primaryimage"},"thumbnailUrl":"https:\/\/wydawnictwo.warsztatykultury.pl\/wp-content\/uploads\/2021\/03\/164625362_10159227231035912_1936599393358587098_o.png","datePublished":"2021-05-05T14:05:17+00:00","dateModified":"2022-01-13T10:56:37+00:00","breadcrumb":{"@id":"https:\/\/wydawnictwo.warsztatykultury.pl\/en\/workshops-of-culture-are-joining-lightforbelarus\/#breadcrumb"},"inLanguage":"en-US","potentialAction":[{"@type":"ReadAction","target":["https:\/\/wydawnictwo.warsztatykultury.pl\/en\/workshops-of-culture-are-joining-lightforbelarus\/"]}]},{"@type":"ImageObject","inLanguage":"en-US","@id":"https:\/\/wydawnictwo.warsztatykultury.pl\/en\/workshops-of-culture-are-joining-lightforbelarus\/#primaryimage","url":"https:\/\/wydawnictwo.warsztatykultury.pl\/wp-content\/uploads\/2021\/03\/164625362_10159227231035912_1936599393358587098_o.png","contentUrl":"https:\/\/wydawnictwo.warsztatykultury.pl\/wp-content\/uploads\/2021\/03\/164625362_10159227231035912_1936599393358587098_o.png","width":1920,"height":1080,"caption":"#LightforBelarus"},{"@type":"BreadcrumbList","@id":"https:\/\/wydawnictwo.warsztatykultury.pl\/en\/workshops-of-culture-are-joining-lightforbelarus\/#breadcrumb","itemListElement":[{"@type":"ListItem","position":1,"name":"Strona g\u0142\u00f3wna","item":"https:\/\/wydawnictwo.warsztatykultury.pl\/en\/"},{"@type":"ListItem","position":2,"name":"Workshops of Culture are joining #LightforBelarus"}]},{"@type":"WebSite","@id":"https:\/\/wydawnictwo.warsztatykultury.pl\/en\/#website","url":"https:\/\/wydawnictwo.warsztatykultury.pl\/en\/","name":"Wydawnictwo Warsztat\u00f3w Kultury","description":"Warsztaty Kultury","publisher":{"@id":"https:\/\/wydawnictwo.warsztatykultury.pl\/en\/#organization"},"potentialAction":[{"@type":"SearchAction","target":{"@type":"EntryPoint","urlTemplate":"https:\/\/wydawnictwo.warsztatykultury.pl\/en\/?s={search_term_string}"},"query-input":{"@type":"PropertyValueSpecification","valueRequired":true,"valueName":"search_term_string"}}],"inLanguage":"en-US"},{"@type":"Organization","@id":"https:\/\/wydawnictwo.warsztatykultury.pl\/en\/#organization","name":"Wydawnictwo Warsztat\u00f3w Kultury","url":"https:\/\/wydawnictwo.warsztatykultury.pl\/en\/","logo":{"@type":"ImageObject","inLanguage":"en-US","@id":"https:\/\/wydawnictwo.warsztatykultury.pl\/en\/#\/schema\/logo\/image\/","url":"https:\/\/wydawnictwo.warsztatykultury.pl\/wp-content\/uploads\/2023\/05\/logo_wydawnictwo_72-01.png","contentUrl":"https:\/\/wydawnictwo.warsztatykultury.pl\/wp-content\/uploads\/2023\/05\/logo_wydawnictwo_72-01.png","width":293,"height":70,"caption":"Wydawnictwo Warsztat\u00f3w Kultury"},"image":{"@id":"https:\/\/wydawnictwo.warsztatykultury.pl\/en\/#\/schema\/logo\/image\/"},"sameAs":["https:\/\/www.facebook.com\/WschodniExpress\/"]},{"@type":"Person","@id":"https:\/\/wydawnictwo.warsztatykultury.pl\/en\/#\/schema\/person\/a1be243e7a684c0c2b2bedc1c28b1df1","name":"Przemys\u0142aw G\u0142uchowski","image":{"@type":"ImageObject","inLanguage":"en-US","@id":"https:\/\/wydawnictwo.warsztatykultury.pl\/en\/#\/schema\/person\/image\/","url":"https:\/\/secure.gravatar.com\/avatar\/8efd26122d7f16a9cf937336427fd2d1?s=96&d=mm&r=g","contentUrl":"https:\/\/secure.gravatar.com\/avatar\/8efd26122d7f16a9cf937336427fd2d1?s=96&d=mm&r=g","caption":"Przemys\u0142aw G\u0142uchowski"},"url":"https:\/\/wydawnictwo.warsztatykultury.pl\/en\/author\/pgluchowski_wyd\/"}]}},"_links":{"self":[{"href":"https:\/\/wydawnictwo.warsztatykultury.pl\/en\/wp-json\/wp\/v2\/posts\/7779"}],"collection":[{"href":"https:\/\/wydawnictwo.warsztatykultury.pl\/en\/wp-json\/wp\/v2\/posts"}],"about":[{"href":"https:\/\/wydawnictwo.warsztatykultury.pl\/en\/wp-json\/wp\/v2\/types\/post"}],"author":[{"embeddable":true,"href":"https:\/\/wydawnictwo.warsztatykultury.pl\/en\/wp-json\/wp\/v2\/users\/9"}],"replies":[{"embeddable":true,"href":"https:\/\/wydawnictwo.warsztatykultury.pl\/en\/wp-json\/wp\/v2\/comments?post=7779"}],"version-history":[{"count":6,"href":"https:\/\/wydawnictwo.warsztatykultury.pl\/en\/wp-json\/wp\/v2\/posts\/7779\/revisions"}],"predecessor-version":[{"id":9017,"href":"https:\/\/wydawnictwo.warsztatykultury.pl\/en\/wp-json\/wp\/v2\/posts\/7779\/revisions\/9017"}],"wp:featuredmedia":[{"embeddable":true,"href":"https:\/\/wydawnictwo.warsztatykultury.pl\/en\/wp-json\/wp\/v2\/media\/7531"}],"wp:attachment":[{"href":"https:\/\/wydawnictwo.warsztatykultury.pl\/en\/wp-json\/wp\/v2\/media?parent=7779"}],"wp:term":[{"taxonomy":"category","embeddable":true,"href":"https:\/\/wydawnictwo.warsztatykultury.pl\/en\/wp-json\/wp\/v2\/categories?post=7779"},{"taxonomy":"post_tag","embeddable":true,"href":"https:\/\/wydawnictwo.warsztatykultury.pl\/en\/wp-json\/wp\/v2\/tags?post=7779"}],"curies":[{"name":"wp","href":"https:\/\/api.w.org\/{rel}","templated":true}]}}