{"id":6704,"date":"2020-08-19T14:44:50","date_gmt":"2020-08-19T12:44:50","guid":{"rendered":"https:\/\/wydawnictwo.warsztatykultury.pl\/artem-czech-dzielnica-d-launch-in-september-2020\/"},"modified":"2020-08-26T11:56:51","modified_gmt":"2020-08-26T09:56:51","slug":"artem-czech-dzielnica-d-launch-in-september-2020","status":"publish","type":"post","link":"https:\/\/wydawnictwo.warsztatykultury.pl\/en\/artem-czech-dzielnica-d-launch-in-september-2020\/","title":{"rendered":"Artem Czech \u2013 &#8220;Dzielnica D\u201d | Launches in September 2020"},"content":{"rendered":"<p><div class=\"fusion-fullwidth fullwidth-box fusion-builder-row-1 nonhundred-percent-fullwidth non-hundred-percent-height-scrolling\" style=\"--awb-border-radius-top-left:0px;--awb-border-radius-top-right:0px;--awb-border-radius-bottom-right:0px;--awb-border-radius-bottom-left:0px;--awb-padding-right:10%;--awb-padding-left:10%;--awb-flex-wrap:wrap;\" ><div class=\"fusion-builder-row fusion-row\"><div class=\"fusion-layout-column fusion_builder_column fusion-builder-column-0 fusion_builder_column_1_2 1_2 fusion-one-half fusion-column-first\" style=\"--awb-bg-size:cover;--awb-margin-top:0px;width:50%;width:calc(50% - ( ( 4% ) * 0.5 ) );margin-right: 4%;\"><div class=\"fusion-column-wrapper fusion-column-has-shadow fusion-flex-column-wrapper-legacy\"><div class=\"fusion-text fusion-text-1\"><h1 class=\"fusion-responsive-typography-calculated\" style=\"--fontsize: 28.8; line-height: 1.1;\" data-fontsize=\"28.8\" data-lineheight=\"31.6833px\">Artem Czech \u2013 &#8220;Dzielnica D\u201d | Launch in September 2020<\/h1>\n<\/div><div class=\"fusion-sep-clear\"><\/div><div class=\"fusion-separator fusion-full-width-sep\" style=\"margin-left: auto;margin-right: auto;margin-bottom:5%;width:100%;\"><div class=\"fusion-separator-border sep-single\" style=\"--awb-height:20px;--awb-amount:20px;border-color:#000000;border-top-width:3px;\"><\/div><\/div><div class=\"fusion-sep-clear\"><\/div><div class=\"fusion-text fusion-text-2\"><p>\u201cKnowing that \u201cDzielnica D\u201d (District D) is largely an autobiography, I viewed it from the perspective of Artem as a man and as a writer. What was the environment and the atmosphere in which he grew up? What kind of people and events influenced him? I\u2019ve found all this in the book. Alternating between humour and sadness, the author paints a collective portrait of several dozen of inhabitants of his ordinary and typical district that, as I\u2019ve mentioned before, isn\u2019t the prettiest and is quite hopeless, located in an equally ordinary and typical Ukrainian city.\u201d\u00a0 O\u0142eksandr Bojczenko (from the introduction)<\/p>\n<p>Artem Czech (real name Artem Cherednyk, b. 1985\u00a0 in Cherkasy) \u2013 A Ukrainian writer and sociologist by education. The author of fiction books such as\u00a0 You Won\u2019t Find This on Yandex (2007), Kenya (2007), Artist (2008), The anatomical Atlas (2008), The Blue Doors on the Left (2008) Doc 1 (2009), Pink Syrups (2012), and non-fiction: A History of Motorsports in Ukraine (2013) and Awesome Ukraine. Interesting Things You Need To Know (2017) which he has co-authored with Tamara Kravchenko and Iryna Tsylik. He was the editor-in-chief of the documentary projects: 94 Days: Euromaidan Through the Eyes of TSN [Television News Service] (2014) and War Through the Eyes of TSN (2015). From May 2015 to July 2016 he performed military service in the ranks of the Ukrainian Armed Forces. The first of his books translated into Polish was Point Zero \u2013 Punkt Zerowy (2019) which was shortlisted for the Ryszard Kapu\u015bci\u0144ski Award for Literary Reportage.<\/p>\n<\/div><div class=\"fusion-sep-clear\"><\/div><div class=\"fusion-separator fusion-full-width-sep\" style=\"margin-left: auto;margin-right: auto;width:100%;\"><\/div><div class=\"fusion-sep-clear\"><\/div><div class=\"fusion-sep-clear\"><\/div><div class=\"fusion-separator fusion-full-width-sep\" style=\"margin-left: auto;margin-right: auto;width:100%;\"><\/div><div class=\"fusion-sep-clear\"><\/div><div class=\"fusion-sep-clear\"><\/div><div class=\"fusion-separator fusion-full-width-sep\" style=\"margin-left: auto;margin-right: auto;width:100%;\"><\/div><div class=\"fusion-sep-clear\"><\/div><div class=\"fusion-sep-clear\"><\/div><div class=\"fusion-separator fusion-full-width-sep\" style=\"margin-left: auto;margin-right: auto;width:100%;\"><\/div><div class=\"fusion-sep-clear\"><\/div><div class=\"fusion-sep-clear\"><\/div><div class=\"fusion-separator fusion-full-width-sep\" style=\"margin-left: auto;margin-right: auto;width:100%;\"><\/div><div class=\"fusion-sep-clear\"><\/div><div class=\"fusion-clearfix\"><\/div><\/div><\/div><div class=\"fusion-layout-column fusion_builder_column fusion-builder-column-1 fusion_builder_column_1_2 1_2 fusion-one-half fusion-column-last\" style=\"--awb-bg-size:cover;--awb-margin-top:0px;width:50%;width:calc(50% - ( ( 4% ) * 0.5 ) );\"><div class=\"fusion-column-wrapper fusion-column-has-shadow fusion-flex-column-wrapper-legacy\"><div class=\"fusion-image-element in-legacy-container\" style=\"--awb-caption-title-font-family:var(--h2_typography-font-family);--awb-caption-title-font-weight:var(--h2_typography-font-weight);--awb-caption-title-font-style:var(--h2_typography-font-style);--awb-caption-title-size:var(--h2_typography-font-size);--awb-caption-title-transform:var(--h2_typography-text-transform);--awb-caption-title-line-height:var(--h2_typography-line-height);--awb-caption-title-letter-spacing:var(--h2_typography-letter-spacing);\"><span class=\" fusion-imageframe imageframe-none imageframe-1 hover-type-none\"><img decoding=\"async\" width=\"2560\" height=\"1707\" alt=\"Dzielnica D\" title=\"dzielnica d\" src=\"https:\/\/wydawnictwo.warsztatykultury.pl\/wp-content\/uploads\/2020\/08\/dzielnica-d-scaled.jpg\" data-orig-src=\"https:\/\/wydawnictwo.warsztatykultury.pl\/wp-content\/uploads\/2020\/08\/dzielnica-d-scaled.jpg\" class=\"lazyload img-responsive wp-image-6547\" srcset=\"data:image\/svg+xml,%3Csvg%20xmlns%3D%27http%3A%2F%2Fwww.w3.org%2F2000%2Fsvg%27%20width%3D%272560%27%20height%3D%271707%27%20viewBox%3D%270%200%202560%201707%27%3E%3Crect%20width%3D%272560%27%20height%3D%271707%27%20fill-opacity%3D%220%22%2F%3E%3C%2Fsvg%3E\" data-srcset=\"https:\/\/wydawnictwo.warsztatykultury.pl\/wp-content\/uploads\/2020\/08\/dzielnica-d-200x133.jpg 200w, https:\/\/wydawnictwo.warsztatykultury.pl\/wp-content\/uploads\/2020\/08\/dzielnica-d-400x267.jpg 400w, https:\/\/wydawnictwo.warsztatykultury.pl\/wp-content\/uploads\/2020\/08\/dzielnica-d-600x400.jpg 600w, https:\/\/wydawnictwo.warsztatykultury.pl\/wp-content\/uploads\/2020\/08\/dzielnica-d-800x533.jpg 800w, https:\/\/wydawnictwo.warsztatykultury.pl\/wp-content\/uploads\/2020\/08\/dzielnica-d-1200x800.jpg 1200w, https:\/\/wydawnictwo.warsztatykultury.pl\/wp-content\/uploads\/2020\/08\/dzielnica-d-scaled.jpg 2560w\" data-sizes=\"auto\" data-orig-sizes=\"(max-width: 800px) 100vw, 1200px\" \/><\/span><\/div><div class=\"fusion-clearfix\"><\/div><\/div><\/div><\/div><\/div><div class=\"fusion-fullwidth fullwidth-box fusion-builder-row-2 nonhundred-percent-fullwidth non-hundred-percent-height-scrolling\" style=\"--awb-border-radius-top-left:0px;--awb-border-radius-top-right:0px;--awb-border-radius-bottom-right:0px;--awb-border-radius-bottom-left:0px;--awb-padding-right:10%;--awb-padding-left:10%;--awb-flex-wrap:wrap;\" ><div class=\"fusion-builder-row fusion-row\"><div class=\"fusion-layout-column fusion_builder_column fusion-builder-column-2 fusion_builder_column_1_1 1_1 fusion-one-full fusion-column-first fusion-column-last\" style=\"--awb-bg-size:cover;--awb-margin-top:0px;\"><div class=\"fusion-column-wrapper fusion-column-has-shadow fusion-flex-column-wrapper-legacy\"><div class=\"fusion-sep-clear\"><\/div><div class=\"fusion-separator fusion-full-width-sep\" style=\"margin-left: auto;margin-right: auto;width:100%;\"><div class=\"fusion-separator-border sep-single\" style=\"--awb-height:20px;--awb-amount:20px;border-color:#000000;border-top-width:3px;\"><\/div><\/div><div class=\"fusion-sep-clear\"><\/div><div class=\"fusion-clearfix\"><\/div><\/div><\/div><\/div><\/div><\/p>\n","protected":false},"excerpt":{"rendered":"","protected":false},"author":9,"featured_media":7166,"comment_status":"closed","ping_status":"open","sticky":false,"template":"","format":"standard","meta":{"footnotes":""},"categories":[26],"tags":[],"yoast_head":"<!-- This site is optimized with the Yoast SEO plugin v23.4 - https:\/\/yoast.com\/wordpress\/plugins\/seo\/ -->\n<title>Artem Czech \u2013 &quot;Dzielnica D\u201d | Launches in September 2020 - Wydawnictwo<\/title>\n<meta name=\"robots\" content=\"index, follow, max-snippet:-1, max-image-preview:large, max-video-preview:-1\" \/>\n<link rel=\"canonical\" href=\"https:\/\/wydawnictwo.warsztatykultury.pl\/en\/artem-czech-dzielnica-d-launch-in-september-2020\/\" \/>\n<meta property=\"og:locale\" content=\"en_US\" \/>\n<meta property=\"og:type\" content=\"article\" \/>\n<meta property=\"og:title\" content=\"Artem Czech \u2013 &quot;Dzielnica D\u201d | Launches in September 2020 - Wydawnictwo\" \/>\n<meta property=\"og:url\" content=\"https:\/\/wydawnictwo.warsztatykultury.pl\/en\/artem-czech-dzielnica-d-launch-in-september-2020\/\" \/>\n<meta property=\"og:site_name\" content=\"Wydawnictwo\" \/>\n<meta property=\"article:publisher\" content=\"https:\/\/www.facebook.com\/WschodniExpress\/\" \/>\n<meta property=\"article:published_time\" content=\"2020-08-19T12:44:50+00:00\" \/>\n<meta property=\"article:modified_time\" content=\"2020-08-26T09:56:51+00:00\" \/>\n<meta property=\"og:image\" content=\"https:\/\/wydawnictwo.warsztatykultury.pl\/wp-content\/uploads\/2020\/09\/dzielnica-d-FHD-1.jpg\" \/>\n\t<meta property=\"og:image:width\" content=\"1920\" \/>\n\t<meta property=\"og:image:height\" content=\"1080\" \/>\n\t<meta property=\"og:image:type\" content=\"image\/jpeg\" \/>\n<meta name=\"author\" content=\"Przemys\u0142aw G\u0142uchowski\" \/>\n<meta name=\"twitter:card\" content=\"summary_large_image\" \/>\n<meta name=\"twitter:label1\" content=\"Written by\" \/>\n\t<meta name=\"twitter:data1\" content=\"Przemys\u0142aw G\u0142uchowski\" \/>\n\t<meta name=\"twitter:label2\" content=\"Est. reading time\" \/>\n\t<meta name=\"twitter:data2\" content=\"7 minutes\" \/>\n<script type=\"application\/ld+json\" class=\"yoast-schema-graph\">{\"@context\":\"https:\/\/schema.org\",\"@graph\":[{\"@type\":\"Article\",\"@id\":\"https:\/\/wydawnictwo.warsztatykultury.pl\/en\/artem-czech-dzielnica-d-launch-in-september-2020\/#article\",\"isPartOf\":{\"@id\":\"https:\/\/wydawnictwo.warsztatykultury.pl\/en\/artem-czech-dzielnica-d-launch-in-september-2020\/\"},\"author\":{\"name\":\"Przemys\u0142aw G\u0142uchowski\",\"@id\":\"https:\/\/wydawnictwo.warsztatykultury.pl\/en\/#\/schema\/person\/a1be243e7a684c0c2b2bedc1c28b1df1\"},\"headline\":\"Artem Czech \u2013 &#8220;Dzielnica D\u201d | Launches in September 2020\",\"datePublished\":\"2020-08-19T12:44:50+00:00\",\"dateModified\":\"2020-08-26T09:56:51+00:00\",\"mainEntityOfPage\":{\"@id\":\"https:\/\/wydawnictwo.warsztatykultury.pl\/en\/artem-czech-dzielnica-d-launch-in-september-2020\/\"},\"wordCount\":1411,\"publisher\":{\"@id\":\"https:\/\/wydawnictwo.warsztatykultury.pl\/en\/#organization\"},\"image\":{\"@id\":\"https:\/\/wydawnictwo.warsztatykultury.pl\/en\/artem-czech-dzielnica-d-launch-in-september-2020\/#primaryimage\"},\"thumbnailUrl\":\"https:\/\/wydawnictwo.warsztatykultury.pl\/wp-content\/uploads\/2020\/09\/dzielnica-d-FHD-1.jpg\",\"articleSection\":[\"News\"],\"inLanguage\":\"en-US\"},{\"@type\":\"WebPage\",\"@id\":\"https:\/\/wydawnictwo.warsztatykultury.pl\/en\/artem-czech-dzielnica-d-launch-in-september-2020\/\",\"url\":\"https:\/\/wydawnictwo.warsztatykultury.pl\/en\/artem-czech-dzielnica-d-launch-in-september-2020\/\",\"name\":\"Artem Czech \u2013 \\\"Dzielnica D\u201d | Launches in September 2020 - Wydawnictwo\",\"isPartOf\":{\"@id\":\"https:\/\/wydawnictwo.warsztatykultury.pl\/en\/#website\"},\"primaryImageOfPage\":{\"@id\":\"https:\/\/wydawnictwo.warsztatykultury.pl\/en\/artem-czech-dzielnica-d-launch-in-september-2020\/#primaryimage\"},\"image\":{\"@id\":\"https:\/\/wydawnictwo.warsztatykultury.pl\/en\/artem-czech-dzielnica-d-launch-in-september-2020\/#primaryimage\"},\"thumbnailUrl\":\"https:\/\/wydawnictwo.warsztatykultury.pl\/wp-content\/uploads\/2020\/09\/dzielnica-d-FHD-1.jpg\",\"datePublished\":\"2020-08-19T12:44:50+00:00\",\"dateModified\":\"2020-08-26T09:56:51+00:00\",\"breadcrumb\":{\"@id\":\"https:\/\/wydawnictwo.warsztatykultury.pl\/en\/artem-czech-dzielnica-d-launch-in-september-2020\/#breadcrumb\"},\"inLanguage\":\"en-US\",\"potentialAction\":[{\"@type\":\"ReadAction\",\"target\":[\"https:\/\/wydawnictwo.warsztatykultury.pl\/en\/artem-czech-dzielnica-d-launch-in-september-2020\/\"]}]},{\"@type\":\"ImageObject\",\"inLanguage\":\"en-US\",\"@id\":\"https:\/\/wydawnictwo.warsztatykultury.pl\/en\/artem-czech-dzielnica-d-launch-in-september-2020\/#primaryimage\",\"url\":\"https:\/\/wydawnictwo.warsztatykultury.pl\/wp-content\/uploads\/2020\/09\/dzielnica-d-FHD-1.jpg\",\"contentUrl\":\"https:\/\/wydawnictwo.warsztatykultury.pl\/wp-content\/uploads\/2020\/09\/dzielnica-d-FHD-1.jpg\",\"width\":1920,\"height\":1080,\"caption\":\"Dzielnica D\"},{\"@type\":\"BreadcrumbList\",\"@id\":\"https:\/\/wydawnictwo.warsztatykultury.pl\/en\/artem-czech-dzielnica-d-launch-in-september-2020\/#breadcrumb\",\"itemListElement\":[{\"@type\":\"ListItem\",\"position\":1,\"name\":\"Strona g\u0142\u00f3wna\",\"item\":\"https:\/\/wydawnictwo.warsztatykultury.pl\/en\/\"},{\"@type\":\"ListItem\",\"position\":2,\"name\":\"Artem Czech \u2013 &#8222;Dzielnica D\u201d | Launches in September 2020\"}]},{\"@type\":\"WebSite\",\"@id\":\"https:\/\/wydawnictwo.warsztatykultury.pl\/en\/#website\",\"url\":\"https:\/\/wydawnictwo.warsztatykultury.pl\/en\/\",\"name\":\"Wydawnictwo Warsztat\u00f3w Kultury\",\"description\":\"Warsztaty Kultury\",\"publisher\":{\"@id\":\"https:\/\/wydawnictwo.warsztatykultury.pl\/en\/#organization\"},\"potentialAction\":[{\"@type\":\"SearchAction\",\"target\":{\"@type\":\"EntryPoint\",\"urlTemplate\":\"https:\/\/wydawnictwo.warsztatykultury.pl\/en\/?s={search_term_string}\"},\"query-input\":{\"@type\":\"PropertyValueSpecification\",\"valueRequired\":true,\"valueName\":\"search_term_string\"}}],\"inLanguage\":\"en-US\"},{\"@type\":\"Organization\",\"@id\":\"https:\/\/wydawnictwo.warsztatykultury.pl\/en\/#organization\",\"name\":\"Wydawnictwo Warsztat\u00f3w Kultury\",\"url\":\"https:\/\/wydawnictwo.warsztatykultury.pl\/en\/\",\"logo\":{\"@type\":\"ImageObject\",\"inLanguage\":\"en-US\",\"@id\":\"https:\/\/wydawnictwo.warsztatykultury.pl\/en\/#\/schema\/logo\/image\/\",\"url\":\"https:\/\/wydawnictwo.warsztatykultury.pl\/wp-content\/uploads\/2023\/05\/logo_wydawnictwo_72-01.png\",\"contentUrl\":\"https:\/\/wydawnictwo.warsztatykultury.pl\/wp-content\/uploads\/2023\/05\/logo_wydawnictwo_72-01.png\",\"width\":293,\"height\":70,\"caption\":\"Wydawnictwo Warsztat\u00f3w Kultury\"},\"image\":{\"@id\":\"https:\/\/wydawnictwo.warsztatykultury.pl\/en\/#\/schema\/logo\/image\/\"},\"sameAs\":[\"https:\/\/www.facebook.com\/WschodniExpress\/\"]},{\"@type\":\"Person\",\"@id\":\"https:\/\/wydawnictwo.warsztatykultury.pl\/en\/#\/schema\/person\/a1be243e7a684c0c2b2bedc1c28b1df1\",\"name\":\"Przemys\u0142aw G\u0142uchowski\",\"image\":{\"@type\":\"ImageObject\",\"inLanguage\":\"en-US\",\"@id\":\"https:\/\/wydawnictwo.warsztatykultury.pl\/en\/#\/schema\/person\/image\/\",\"url\":\"https:\/\/secure.gravatar.com\/avatar\/8efd26122d7f16a9cf937336427fd2d1?s=96&d=mm&r=g\",\"contentUrl\":\"https:\/\/secure.gravatar.com\/avatar\/8efd26122d7f16a9cf937336427fd2d1?s=96&d=mm&r=g\",\"caption\":\"Przemys\u0142aw G\u0142uchowski\"},\"url\":\"https:\/\/wydawnictwo.warsztatykultury.pl\/en\/author\/pgluchowski_wyd\/\"}]}<\/script>\n<!-- \/ Yoast SEO plugin. -->","yoast_head_json":{"title":"Artem Czech \u2013 \"Dzielnica D\u201d | Launches in September 2020 - Wydawnictwo","robots":{"index":"index","follow":"follow","max-snippet":"max-snippet:-1","max-image-preview":"max-image-preview:large","max-video-preview":"max-video-preview:-1"},"canonical":"https:\/\/wydawnictwo.warsztatykultury.pl\/en\/artem-czech-dzielnica-d-launch-in-september-2020\/","og_locale":"en_US","og_type":"article","og_title":"Artem Czech \u2013 \"Dzielnica D\u201d | Launches in September 2020 - Wydawnictwo","og_url":"https:\/\/wydawnictwo.warsztatykultury.pl\/en\/artem-czech-dzielnica-d-launch-in-september-2020\/","og_site_name":"Wydawnictwo","article_publisher":"https:\/\/www.facebook.com\/WschodniExpress\/","article_published_time":"2020-08-19T12:44:50+00:00","article_modified_time":"2020-08-26T09:56:51+00:00","og_image":[{"width":1920,"height":1080,"url":"https:\/\/wydawnictwo.warsztatykultury.pl\/wp-content\/uploads\/2020\/09\/dzielnica-d-FHD-1.jpg","type":"image\/jpeg"}],"author":"Przemys\u0142aw G\u0142uchowski","twitter_card":"summary_large_image","twitter_misc":{"Written by":"Przemys\u0142aw G\u0142uchowski","Est. reading time":"7 minutes"},"schema":{"@context":"https:\/\/schema.org","@graph":[{"@type":"Article","@id":"https:\/\/wydawnictwo.warsztatykultury.pl\/en\/artem-czech-dzielnica-d-launch-in-september-2020\/#article","isPartOf":{"@id":"https:\/\/wydawnictwo.warsztatykultury.pl\/en\/artem-czech-dzielnica-d-launch-in-september-2020\/"},"author":{"name":"Przemys\u0142aw G\u0142uchowski","@id":"https:\/\/wydawnictwo.warsztatykultury.pl\/en\/#\/schema\/person\/a1be243e7a684c0c2b2bedc1c28b1df1"},"headline":"Artem Czech \u2013 &#8220;Dzielnica D\u201d | Launches in September 2020","datePublished":"2020-08-19T12:44:50+00:00","dateModified":"2020-08-26T09:56:51+00:00","mainEntityOfPage":{"@id":"https:\/\/wydawnictwo.warsztatykultury.pl\/en\/artem-czech-dzielnica-d-launch-in-september-2020\/"},"wordCount":1411,"publisher":{"@id":"https:\/\/wydawnictwo.warsztatykultury.pl\/en\/#organization"},"image":{"@id":"https:\/\/wydawnictwo.warsztatykultury.pl\/en\/artem-czech-dzielnica-d-launch-in-september-2020\/#primaryimage"},"thumbnailUrl":"https:\/\/wydawnictwo.warsztatykultury.pl\/wp-content\/uploads\/2020\/09\/dzielnica-d-FHD-1.jpg","articleSection":["News"],"inLanguage":"en-US"},{"@type":"WebPage","@id":"https:\/\/wydawnictwo.warsztatykultury.pl\/en\/artem-czech-dzielnica-d-launch-in-september-2020\/","url":"https:\/\/wydawnictwo.warsztatykultury.pl\/en\/artem-czech-dzielnica-d-launch-in-september-2020\/","name":"Artem Czech \u2013 \"Dzielnica D\u201d | Launches in September 2020 - Wydawnictwo","isPartOf":{"@id":"https:\/\/wydawnictwo.warsztatykultury.pl\/en\/#website"},"primaryImageOfPage":{"@id":"https:\/\/wydawnictwo.warsztatykultury.pl\/en\/artem-czech-dzielnica-d-launch-in-september-2020\/#primaryimage"},"image":{"@id":"https:\/\/wydawnictwo.warsztatykultury.pl\/en\/artem-czech-dzielnica-d-launch-in-september-2020\/#primaryimage"},"thumbnailUrl":"https:\/\/wydawnictwo.warsztatykultury.pl\/wp-content\/uploads\/2020\/09\/dzielnica-d-FHD-1.jpg","datePublished":"2020-08-19T12:44:50+00:00","dateModified":"2020-08-26T09:56:51+00:00","breadcrumb":{"@id":"https:\/\/wydawnictwo.warsztatykultury.pl\/en\/artem-czech-dzielnica-d-launch-in-september-2020\/#breadcrumb"},"inLanguage":"en-US","potentialAction":[{"@type":"ReadAction","target":["https:\/\/wydawnictwo.warsztatykultury.pl\/en\/artem-czech-dzielnica-d-launch-in-september-2020\/"]}]},{"@type":"ImageObject","inLanguage":"en-US","@id":"https:\/\/wydawnictwo.warsztatykultury.pl\/en\/artem-czech-dzielnica-d-launch-in-september-2020\/#primaryimage","url":"https:\/\/wydawnictwo.warsztatykultury.pl\/wp-content\/uploads\/2020\/09\/dzielnica-d-FHD-1.jpg","contentUrl":"https:\/\/wydawnictwo.warsztatykultury.pl\/wp-content\/uploads\/2020\/09\/dzielnica-d-FHD-1.jpg","width":1920,"height":1080,"caption":"Dzielnica D"},{"@type":"BreadcrumbList","@id":"https:\/\/wydawnictwo.warsztatykultury.pl\/en\/artem-czech-dzielnica-d-launch-in-september-2020\/#breadcrumb","itemListElement":[{"@type":"ListItem","position":1,"name":"Strona g\u0142\u00f3wna","item":"https:\/\/wydawnictwo.warsztatykultury.pl\/en\/"},{"@type":"ListItem","position":2,"name":"Artem Czech \u2013 &#8222;Dzielnica D\u201d | Launches in September 2020"}]},{"@type":"WebSite","@id":"https:\/\/wydawnictwo.warsztatykultury.pl\/en\/#website","url":"https:\/\/wydawnictwo.warsztatykultury.pl\/en\/","name":"Wydawnictwo Warsztat\u00f3w Kultury","description":"Warsztaty Kultury","publisher":{"@id":"https:\/\/wydawnictwo.warsztatykultury.pl\/en\/#organization"},"potentialAction":[{"@type":"SearchAction","target":{"@type":"EntryPoint","urlTemplate":"https:\/\/wydawnictwo.warsztatykultury.pl\/en\/?s={search_term_string}"},"query-input":{"@type":"PropertyValueSpecification","valueRequired":true,"valueName":"search_term_string"}}],"inLanguage":"en-US"},{"@type":"Organization","@id":"https:\/\/wydawnictwo.warsztatykultury.pl\/en\/#organization","name":"Wydawnictwo Warsztat\u00f3w Kultury","url":"https:\/\/wydawnictwo.warsztatykultury.pl\/en\/","logo":{"@type":"ImageObject","inLanguage":"en-US","@id":"https:\/\/wydawnictwo.warsztatykultury.pl\/en\/#\/schema\/logo\/image\/","url":"https:\/\/wydawnictwo.warsztatykultury.pl\/wp-content\/uploads\/2023\/05\/logo_wydawnictwo_72-01.png","contentUrl":"https:\/\/wydawnictwo.warsztatykultury.pl\/wp-content\/uploads\/2023\/05\/logo_wydawnictwo_72-01.png","width":293,"height":70,"caption":"Wydawnictwo Warsztat\u00f3w Kultury"},"image":{"@id":"https:\/\/wydawnictwo.warsztatykultury.pl\/en\/#\/schema\/logo\/image\/"},"sameAs":["https:\/\/www.facebook.com\/WschodniExpress\/"]},{"@type":"Person","@id":"https:\/\/wydawnictwo.warsztatykultury.pl\/en\/#\/schema\/person\/a1be243e7a684c0c2b2bedc1c28b1df1","name":"Przemys\u0142aw G\u0142uchowski","image":{"@type":"ImageObject","inLanguage":"en-US","@id":"https:\/\/wydawnictwo.warsztatykultury.pl\/en\/#\/schema\/person\/image\/","url":"https:\/\/secure.gravatar.com\/avatar\/8efd26122d7f16a9cf937336427fd2d1?s=96&d=mm&r=g","contentUrl":"https:\/\/secure.gravatar.com\/avatar\/8efd26122d7f16a9cf937336427fd2d1?s=96&d=mm&r=g","caption":"Przemys\u0142aw G\u0142uchowski"},"url":"https:\/\/wydawnictwo.warsztatykultury.pl\/en\/author\/pgluchowski_wyd\/"}]}},"_links":{"self":[{"href":"https:\/\/wydawnictwo.warsztatykultury.pl\/en\/wp-json\/wp\/v2\/posts\/6704"}],"collection":[{"href":"https:\/\/wydawnictwo.warsztatykultury.pl\/en\/wp-json\/wp\/v2\/posts"}],"about":[{"href":"https:\/\/wydawnictwo.warsztatykultury.pl\/en\/wp-json\/wp\/v2\/types\/post"}],"author":[{"embeddable":true,"href":"https:\/\/wydawnictwo.warsztatykultury.pl\/en\/wp-json\/wp\/v2\/users\/9"}],"replies":[{"embeddable":true,"href":"https:\/\/wydawnictwo.warsztatykultury.pl\/en\/wp-json\/wp\/v2\/comments?post=6704"}],"version-history":[{"count":10,"href":"https:\/\/wydawnictwo.warsztatykultury.pl\/en\/wp-json\/wp\/v2\/posts\/6704\/revisions"}],"predecessor-version":[{"id":6924,"href":"https:\/\/wydawnictwo.warsztatykultury.pl\/en\/wp-json\/wp\/v2\/posts\/6704\/revisions\/6924"}],"wp:featuredmedia":[{"embeddable":true,"href":"https:\/\/wydawnictwo.warsztatykultury.pl\/en\/wp-json\/wp\/v2\/media\/7166"}],"wp:attachment":[{"href":"https:\/\/wydawnictwo.warsztatykultury.pl\/en\/wp-json\/wp\/v2\/media?parent=6704"}],"wp:term":[{"taxonomy":"category","embeddable":true,"href":"https:\/\/wydawnictwo.warsztatykultury.pl\/en\/wp-json\/wp\/v2\/categories?post=6704"},{"taxonomy":"post_tag","embeddable":true,"href":"https:\/\/wydawnictwo.warsztatykultury.pl\/en\/wp-json\/wp\/v2\/tags?post=6704"}],"curies":[{"name":"wp","href":"https:\/\/api.w.org\/{rel}","templated":true}]}}